{"id":24873,"date":"2025-07-09T09:05:13","date_gmt":"2025-07-09T02:05:13","guid":{"rendered":"https:\/\/www.nonedu2.net\/home\/?p=24873"},"modified":"2026-07-09T14:05:14","modified_gmt":"2026-07-09T07:05:14","slug":"la-transformacion-digital-y-su-impacto-en-la-vida-personal-y-profesional","status":"publish","type":"post","link":"https:\/\/www.nonedu2.net\/home\/?p=24873","title":{"rendered":"La Transformaci\u00f3n Digital y su Impacto en la Vida Personal y Profesional"},"content":{"rendered":"<p>En un mundo cada vez m\u00e1s interconectado, la transformaci\u00f3n digital deja una huella profunda en todos los \u00e1mbitos de nuestra existencia. Desde las empresas hasta la vida cotidiana, la adopci\u00f3n de tecnolog\u00edas emergentes repercute en maneras que, si bien abren nuevas oportunidades, tambi\u00e9n plantean desaf\u00edos significativos en aspectos tan personales como la privacidad, la identidad y la percepci\u00f3n de uno mismo.<\/p>\n<h2>El escenario actual: avances tecnol\u00f3gicos y cambios en la percepci\u00f3n personal<\/h2>\n<p>La r\u00e1pida integraci\u00f3n de la tecnolog\u00eda en nuestras rutinas diarias ha generado una redefinici\u00f3n de la experiencia personal. Plataformas digitales, redes sociales y herramientas de comunicaci\u00f3n instant\u00e1nea han influido en c\u00f3mo nos vemos a nosotros mismos y en c\u00f3mo somos percibidos por otros. Ejemplos como la popularizaci\u00f3n de los perfiles en redes sociales evidencian que la presencia digital cada vez define m\u00e1s aspectos de la identidad individual.<\/p>\n<p>Pero, \u00bfc\u00f3mo afectan estos cambios a la percepci\u00f3n y confianza personal? La evidencia apunta que, si bien la digitalizaci\u00f3n puede potenciar el sentido de pertenencia y autoconfianza, tambi\u00e9n puede llevar a una distorsi\u00f3n de la realidad, generando comparaciones constantes y ansiedad social.<\/p>\n<h2>Historias de transformaci\u00f3n personal en la era digital<\/h2>\n<p>Para comprender en profundidad este fen\u00f3meno, es \u00fatil analizar casos espec\u00edficos de individuos que han atravesado procesos de transformaci\u00f3n personal mediada por la tecnolog\u00eda. La experiencia de personas que han logrado superar obst\u00e1culos sociales o emocionales mediante recursos digitales resulta reveladora.<\/p>\n<blockquote><p>\n  &#8220;Mi experiencia personal en el uso de plataformas de aprendizaje y comunidades en l\u00ednea me permiti\u00f3 redescubrir habilidades, obtener apoyo emocional y construir una nueva identidad que antes parec\u00eda inalcanzable,&#8221; comparte alguien que ha documentado su proceso en <a href=\"https:\/\/monkeyzino.org.es\/\">mi experiencia personal<\/a>.\n<\/p><\/blockquote>\n<h2>Impacto psicol\u00f3gico y recomendaciones basadas en evidencia<\/h2>\n<table>\n<thead>\n<tr>\n<th>Aspecto Analizado<\/th>\n<th>Datos Relevantes<\/th>\n<th>Implicaciones<\/th>\n<\/tr>\n<\/thead>\n<tbody>\n<tr>\n<td>Autoestima digital<\/td>\n<td>Estudios recientes muestran que el uso excesivo de redes sociales puede disminuir la autoestima en personas j\u00f3venes (Fuente: Journal of Social and Personal Relationships, 2022).<\/td>\n<td>Fomentar un uso consciente y estable de plataformas sociales.<\/td>\n<\/tr>\n<tr>\n<td>Identidad y autenticidad<\/td>\n<td>El 65% de los usuarios reportan sentirse presionados a presentar versiones idealizadas de s\u00ed mismos en l\u00ednea.<\/td>\n<td>Desarrollar pr\u00e1cticas de autoconciencia y autenticidad digital.<\/td>\n<\/tr>\n<tr>\n<td>Resiliencia emocional<\/td>\n<td>Programas especializados en habilidades digitales aumentan la resiliencia en situaciones de ciberacoso o negatividad.<\/td>\n<td>Implementar programas educativos y de apoyo psicol\u00f3gico en entornos digitales.<\/td>\n<\/tr>\n<\/tbody>\n<\/table>\n<h2>El papel del usuario y las plataformas: un di\u00e1logo de doble v\u00eda<\/h2>\n<p>Las plataformas digitales, por su parte, est\u00e1n en una constante evoluci\u00f3n para promover experiencias m\u00e1s seguras y enriquecedoras. Sin embargo, la autorregulaci\u00f3n y la conciencia digital del usuario son claves para potenciar los beneficios y mitigar los riesgos.<\/p>\n<p>Iniciativas que fomentan la comunidad, la educaci\u00f3n en alfabetizaci\u00f3n digital y el fomento de espacios de di\u00e1logo abierto contribuyen a fortalecer la relaci\u00f3n entre la tecnolog\u00eda y la desarrollo personal, promoviendo un entorno m\u00e1s saludable y aut\u00e9ntico.<\/p>\n<h2>Conclusi\u00f3n: hacia una experiencia digital que enriquezca, no que limite<\/h2>\n<p>La transformaci\u00f3n digital es una herramienta poderosa que, manejada con conciencia y estrategia, puede potenciar nuestro crecimiento personal y profesional. Como bien relata mi experiencia personal, la clave est\u00e1 en aprender a navegar en este vasto oc\u00e9ano de informaci\u00f3n y posibilidades, tomando decisiones que reflejen nuestro verdadero yo y fomenten el bienestar integral.<\/p>\n<p>Para ello, es urgente que tanto individuos como instituciones trabajen en promover un uso \u00e9tico, consciente y enriquecedor de las tecnolog\u00edas emergentes, asegurando que las transformaciones digitales aporten valor genuino a nuestra existencia.<\/p>\n","protected":false},"excerpt":{"rendered":"<p>En un mundo cada vez m\u00e1s interconectado, la transformac [&hellip;]<\/p>\n","protected":false},"author":93,"featured_media":0,"comment_status":"open","ping_status":"open","sticky":false,"template":"","format":"standard","meta":{"om_disable_all_campaigns":false,"_monsterinsights_skip_tracking":false,"site-sidebar-layout":"default","site-content-layout":"","ast-site-content-layout":"default","site-content-style":"default","site-sidebar-style":"default","ast-global-header-display":"","ast-banner-title-visibility":"","ast-main-header-display":"","ast-hfb-above-header-display":"","ast-hfb-below-header-display":"","ast-hfb-mobile-header-display":"","site-post-title":"","ast-breadcrumbs-content":"","ast-featured-img":"","footer-sml-layout":"","ast-disable-related-posts":"","theme-transparent-header-meta":"","adv-header-id-meta":"","stick-header-meta":"","header-above-stick-meta":"","header-main-stick-meta":"","header-below-stick-meta":"","astra-migrate-meta-layouts":"default","ast-page-background-enabled":"default","ast-page-background-meta":{"desktop":{"background-color":"var(--ast-global-color-4)","background-image":"","background-repeat":"repeat","background-position":"center center","background-size":"auto","background-attachment":"scroll","background-type":"","background-media":"","overlay-type":"","overlay-color":"","overlay-opacity":"","overlay-gradient":""},"tablet":{"background-color":"","background-image":"","background-repeat":"repeat","background-position":"center center","background-size":"auto","background-attachment":"scroll","background-type":"","background-media":"","overlay-type":"","overlay-color":"","overlay-opacity":"","overlay-gradient":""},"mobile":{"background-color":"","background-image":"","background-repeat":"repeat","background-position":"center center","background-size":"auto","background-attachment":"scroll","background-type":"","background-media":"","overlay-type":"","overlay-color":"","overlay-opacity":"","overlay-gradient":""}},"ast-content-background-meta":{"desktop":{"background-color":"var(--ast-global-color-5)","background-image":"","background-repeat":"repeat","background-position":"center center","background-size":"auto","background-attachment":"scroll","background-type":"","background-media":"","overlay-type":"","overlay-color":"","overlay-opacity":"","overlay-gradient":""},"tablet":{"background-color":"var(--ast-global-color-5)","background-image":"","background-repeat":"repeat","background-position":"center center","background-size":"auto","background-attachment":"scroll","background-type":"","background-media":"","overlay-type":"","overlay-color":"","overlay-opacity":"","overlay-gradient":""},"mobile":{"background-color":"var(--ast-global-color-5)","background-image":"","background-repeat":"repeat","background-position":"center center","background-size":"auto","background-attachment":"scroll","background-type":"","background-media":"","overlay-type":"","overlay-color":"","overlay-opacity":"","overlay-gradient":""}},"footnotes":""},"categories":[1],"tags":[],"class_list":["post-24873","post","type-post","status-publish","format-standard","hentry","category-uncategorized"],"aioseo_notices":[],"aioseo_head":"\n\t\t<!-- All in One SEO 5.0.1.1 - aioseo.com -->\n\t<meta name=\"description\" content=\"En un mundo cada vez m\u00e1s interconectado, la transformac\" \/>\n\t<meta name=\"robots\" content=\"max-image-preview:large\" \/>\n\t<meta name=\"author\" content=\"\u0e01\u0e25\u0e38\u0e48\u0e21\u0e01\u0e32\u0e23\u0e40\u0e07\u0e34\u0e19\"\/>\n\t<link rel=\"canonical\" href=\"https:\/\/www.nonedu2.net\/home\/?p=24873\" \/>\n\t<meta name=\"generator\" content=\"All in One SEO (AIOSEO) 5.0.1.1\" \/>\n\t\t<meta property=\"og:locale\" content=\"th_TH\" \/>\n\t\t<meta property=\"og:site_name\" content=\"\u0e2a\u0e1e\u0e1b.\u0e19\u0e19\u0e17\u0e1a\u0e38\u0e23\u0e35 \u0e40\u0e02\u0e15 2 - \u0e2a\u0e1e\u0e1b.\u0e19\u0e19\u0e17\u0e1a\u0e38\u0e23\u0e35 \u0e40\u0e02\u0e15 2\" \/>\n\t\t<meta property=\"og:type\" content=\"article\" \/>\n\t\t<meta property=\"og:title\" content=\"La Transformaci\u00f3n Digital y su Impacto en la Vida Personal y Profesional - \u0e2a\u0e1e\u0e1b.\u0e19\u0e19\u0e17\u0e1a\u0e38\u0e23\u0e35 \u0e40\u0e02\u0e15 2\" \/>\n\t\t<meta property=\"og:description\" content=\"En un mundo cada vez m\u00e1s interconectado, la transformac\" \/>\n\t\t<meta property=\"og:url\" content=\"https:\/\/www.nonedu2.net\/home\/?p=24873\" \/>\n\t\t<meta property=\"article:published_time\" content=\"2025-07-09T02:05:13+00:00\" \/>\n\t\t<meta property=\"article:modified_time\" content=\"2026-07-09T07:05:14+00:00\" \/>\n\t\t<meta name=\"twitter:card\" content=\"summary_large_image\" \/>\n\t\t<meta name=\"twitter:title\" content=\"La Transformaci\u00f3n Digital y su Impacto en la Vida Personal y Profesional - \u0e2a\u0e1e\u0e1b.\u0e19\u0e19\u0e17\u0e1a\u0e38\u0e23\u0e35 \u0e40\u0e02\u0e15 2\" \/>\n\t\t<meta name=\"twitter:description\" content=\"En un mundo cada vez m\u00e1s interconectado, la transformac\" \/>\n\n\t\t\t\t\t\t\n\n\t\t\t\n\t\n\t\t\n\n\t\n\t\t\t\n\t\t\n\t\t\t\t\t\t\t\t\t\t\t\t\t\n\t\n\t\t\t\t\n\t\t\t\n\t\t\t\t<script type=\"application\/ld+json\" class=\"aioseo-schema\">\n\t\t\t{\"@context\":\"https:\\\/\\\/schema.org\",\"@graph\":[{\"@type\":\"BlogPosting\",\"@id\":\"https:\\\/\\\/www.nonedu2.net\\\/home\\\/?p=24873#blogposting\",\"name\":\"La Transformaci\\u00f3n Digital y su Impacto en la Vida Personal y Profesional - \\u0e2a\\u0e1e\\u0e1b.\\u0e19\\u0e19\\u0e17\\u0e1a\\u0e38\\u0e23\\u0e35 \\u0e40\\u0e02\\u0e15 2\",\"headline\":\"La Transformaci\\u00f3n Digital y su Impacto en la Vida Personal y Profesional\",\"author\":{\"@id\":\"https:\\\/\\\/www.nonedu2.net\\\/home\\\/?author=93#author\"},\"publisher\":{\"@id\":\"https:\\\/\\\/www.nonedu2.net\\\/home\\\/#organization\"},\"datePublished\":\"2025-07-09T09:05:13+07:00\",\"dateModified\":\"2026-07-09T14:05:14+07:00\",\"inLanguage\":\"th\",\"mainEntityOfPage\":{\"@id\":\"https:\\\/\\\/www.nonedu2.net\\\/home\\\/?p=24873#webpage\"},\"isPartOf\":{\"@id\":\"https:\\\/\\\/www.nonedu2.net\\\/home\\\/?p=24873#webpage\"},\"articleSection\":\"Uncategorized\"},{\"@type\":\"BreadcrumbList\",\"@id\":\"https:\\\/\\\/www.nonedu2.net\\\/home\\\/?p=24873#breadcrumblist\",\"itemListElement\":[{\"@type\":\"ListItem\",\"@id\":\"https:\\\/\\\/www.nonedu2.net\\\/home#listItem\",\"position\":1,\"name\":\"Home\",\"item\":\"https:\\\/\\\/www.nonedu2.net\\\/home\",\"nextItem\":{\"@type\":\"ListItem\",\"@id\":\"https:\\\/\\\/www.nonedu2.net\\\/home\\\/?cat=1#listItem\",\"name\":\"Uncategorized\"}},{\"@type\":\"ListItem\",\"@id\":\"https:\\\/\\\/www.nonedu2.net\\\/home\\\/?cat=1#listItem\",\"position\":2,\"name\":\"Uncategorized\",\"item\":\"https:\\\/\\\/www.nonedu2.net\\\/home\\\/?cat=1\",\"nextItem\":{\"@type\":\"ListItem\",\"@id\":\"https:\\\/\\\/www.nonedu2.net\\\/home\\\/?p=24873#listItem\",\"name\":\"La Transformaci\\u00f3n Digital y su Impacto en la Vida Personal y Profesional\"},\"previousItem\":{\"@type\":\"ListItem\",\"@id\":\"https:\\\/\\\/www.nonedu2.net\\\/home#listItem\",\"name\":\"Home\"}},{\"@type\":\"ListItem\",\"@id\":\"https:\\\/\\\/www.nonedu2.net\\\/home\\\/?p=24873#listItem\",\"position\":3,\"name\":\"La Transformaci\\u00f3n Digital y su Impacto en la Vida Personal y Profesional\",\"previousItem\":{\"@type\":\"ListItem\",\"@id\":\"https:\\\/\\\/www.nonedu2.net\\\/home\\\/?cat=1#listItem\",\"name\":\"Uncategorized\"}}]},{\"@type\":\"Organization\",\"@id\":\"https:\\\/\\\/www.nonedu2.net\\\/home\\\/#organization\",\"name\":\"\\u0e2a\\u0e1e\\u0e1b.\\u0e19\\u0e19\\u0e17\\u0e1a\\u0e38\\u0e23\\u0e35 \\u0e40\\u0e02\\u0e15 2\",\"description\":\"\\u0e2a\\u0e1e\\u0e1b.\\u0e19\\u0e19\\u0e17\\u0e1a\\u0e38\\u0e23\\u0e35 \\u0e40\\u0e02\\u0e15 2\",\"url\":\"https:\\\/\\\/www.nonedu2.net\\\/home\\\/\"},{\"@type\":\"Person\",\"@id\":\"https:\\\/\\\/www.nonedu2.net\\\/home\\\/?author=93#author\",\"url\":\"https:\\\/\\\/www.nonedu2.net\\\/home\\\/?author=93\",\"name\":\"\\u0e01\\u0e25\\u0e38\\u0e48\\u0e21\\u0e01\\u0e32\\u0e23\\u0e40\\u0e07\\u0e34\\u0e19\",\"image\":{\"@type\":\"ImageObject\",\"@id\":\"https:\\\/\\\/www.nonedu2.net\\\/home\\\/?p=24873#authorImage\",\"url\":\"https:\\\/\\\/secure.gravatar.com\\\/avatar\\\/bf1e4f45d6a53c5c0a9aa89368ed5a3cbb867fe06e9c6c870a97dc231b05ce74?s=96&d=mm&r=g\",\"width\":96,\"height\":96,\"caption\":\"\\u0e01\\u0e25\\u0e38\\u0e48\\u0e21\\u0e01\\u0e32\\u0e23\\u0e40\\u0e07\\u0e34\\u0e19\"}},{\"@type\":\"WebPage\",\"@id\":\"https:\\\/\\\/www.nonedu2.net\\\/home\\\/?p=24873#webpage\",\"url\":\"https:\\\/\\\/www.nonedu2.net\\\/home\\\/?p=24873\",\"name\":\"La Transformaci\\u00f3n Digital y su Impacto en la Vida Personal y Profesional - \\u0e2a\\u0e1e\\u0e1b.\\u0e19\\u0e19\\u0e17\\u0e1a\\u0e38\\u0e23\\u0e35 \\u0e40\\u0e02\\u0e15 2\",\"description\":\"En un mundo cada vez m\\u00e1s interconectado, la transformac\",\"inLanguage\":\"th\",\"isPartOf\":{\"@id\":\"https:\\\/\\\/www.nonedu2.net\\\/home\\\/#website\"},\"breadcrumb\":{\"@id\":\"https:\\\/\\\/www.nonedu2.net\\\/home\\\/?p=24873#breadcrumblist\"},\"author\":{\"@id\":\"https:\\\/\\\/www.nonedu2.net\\\/home\\\/?author=93#author\"},\"creator\":{\"@id\":\"https:\\\/\\\/www.nonedu2.net\\\/home\\\/?author=93#author\"},\"datePublished\":\"2025-07-09T09:05:13+07:00\",\"dateModified\":\"2026-07-09T14:05:14+07:00\"},{\"@type\":\"WebSite\",\"@id\":\"https:\\\/\\\/www.nonedu2.net\\\/home\\\/#website\",\"url\":\"https:\\\/\\\/www.nonedu2.net\\\/home\\\/\",\"name\":\"\\u0e2a\\u0e1e\\u0e1b.\\u0e19\\u0e19\\u0e17\\u0e1a\\u0e38\\u0e23\\u0e35 \\u0e40\\u0e02\\u0e15 2\",\"description\":\"\\u0e2a\\u0e1e\\u0e1b.\\u0e19\\u0e19\\u0e17\\u0e1a\\u0e38\\u0e23\\u0e35 \\u0e40\\u0e02\\u0e15 2\",\"inLanguage\":\"th\",\"publisher\":{\"@id\":\"https:\\\/\\\/www.nonedu2.net\\\/home\\\/#organization\"}}]}\n\t\t<\/script>\n\t\t<!-- All in One SEO -->\n\n","aioseo_head_json":{"title":"La Transformaci\u00f3n Digital y su Impacto en la Vida Personal y Profesional - \u0e2a\u0e1e\u0e1b.\u0e19\u0e19\u0e17\u0e1a\u0e38\u0e23\u0e35 \u0e40\u0e02\u0e15 2","description":"En un mundo cada vez m\u00e1s interconectado, la transformac","canonical_url":"https:\/\/www.nonedu2.net\/home\/?p=24873","robots":"max-image-preview:large","keywords":"","webmasterTools":{"miscellaneous":""},"schema":{"@context":"https:\/\/schema.org","@graph":[{"@type":"BlogPosting","@id":"https:\/\/www.nonedu2.net\/home\/?p=24873#blogposting","name":"La Transformaci\u00f3n Digital y su Impacto en la Vida Personal y Profesional - \u0e2a\u0e1e\u0e1b.\u0e19\u0e19\u0e17\u0e1a\u0e38\u0e23\u0e35 \u0e40\u0e02\u0e15 2","headline":"La Transformaci\u00f3n Digital y su Impacto en la Vida Personal y Profesional","author":{"@id":"https:\/\/www.nonedu2.net\/home\/?author=93#author"},"publisher":{"@id":"https:\/\/www.nonedu2.net\/home\/#organization"},"datePublished":"2025-07-09T09:05:13+07:00","dateModified":"2026-07-09T14:05:14+07:00","inLanguage":"th","mainEntityOfPage":{"@id":"https:\/\/www.nonedu2.net\/home\/?p=24873#webpage"},"isPartOf":{"@id":"https:\/\/www.nonedu2.net\/home\/?p=24873#webpage"},"articleSection":"Uncategorized"},{"@type":"BreadcrumbList","@id":"https:\/\/www.nonedu2.net\/home\/?p=24873#breadcrumblist","itemListElement":[{"@type":"ListItem","@id":"https:\/\/www.nonedu2.net\/home#listItem","position":1,"name":"Home","item":"https:\/\/www.nonedu2.net\/home","nextItem":{"@type":"ListItem","@id":"https:\/\/www.nonedu2.net\/home\/?cat=1#listItem","name":"Uncategorized"}},{"@type":"ListItem","@id":"https:\/\/www.nonedu2.net\/home\/?cat=1#listItem","position":2,"name":"Uncategorized","item":"https:\/\/www.nonedu2.net\/home\/?cat=1","nextItem":{"@type":"ListItem","@id":"https:\/\/www.nonedu2.net\/home\/?p=24873#listItem","name":"La Transformaci\u00f3n Digital y su Impacto en la Vida Personal y Profesional"},"previousItem":{"@type":"ListItem","@id":"https:\/\/www.nonedu2.net\/home#listItem","name":"Home"}},{"@type":"ListItem","@id":"https:\/\/www.nonedu2.net\/home\/?p=24873#listItem","position":3,"name":"La Transformaci\u00f3n Digital y su Impacto en la Vida Personal y Profesional","previousItem":{"@type":"ListItem","@id":"https:\/\/www.nonedu2.net\/home\/?cat=1#listItem","name":"Uncategorized"}}]},{"@type":"Organization","@id":"https:\/\/www.nonedu2.net\/home\/#organization","name":"\u0e2a\u0e1e\u0e1b.\u0e19\u0e19\u0e17\u0e1a\u0e38\u0e23\u0e35 \u0e40\u0e02\u0e15 2","description":"\u0e2a\u0e1e\u0e1b.\u0e19\u0e19\u0e17\u0e1a\u0e38\u0e23\u0e35 \u0e40\u0e02\u0e15 2","url":"https:\/\/www.nonedu2.net\/home\/"},{"@type":"Person","@id":"https:\/\/www.nonedu2.net\/home\/?author=93#author","url":"https:\/\/www.nonedu2.net\/home\/?author=93","name":"\u0e01\u0e25\u0e38\u0e48\u0e21\u0e01\u0e32\u0e23\u0e40\u0e07\u0e34\u0e19","image":{"@type":"ImageObject","@id":"https:\/\/www.nonedu2.net\/home\/?p=24873#authorImage","url":"https:\/\/secure.gravatar.com\/avatar\/bf1e4f45d6a53c5c0a9aa89368ed5a3cbb867fe06e9c6c870a97dc231b05ce74?s=96&d=mm&r=g","width":96,"height":96,"caption":"\u0e01\u0e25\u0e38\u0e48\u0e21\u0e01\u0e32\u0e23\u0e40\u0e07\u0e34\u0e19"}},{"@type":"WebPage","@id":"https:\/\/www.nonedu2.net\/home\/?p=24873#webpage","url":"https:\/\/www.nonedu2.net\/home\/?p=24873","name":"La Transformaci\u00f3n Digital y su Impacto en la Vida Personal y Profesional - \u0e2a\u0e1e\u0e1b.\u0e19\u0e19\u0e17\u0e1a\u0e38\u0e23\u0e35 \u0e40\u0e02\u0e15 2","description":"En un mundo cada vez m\u00e1s interconectado, la transformac","inLanguage":"th","isPartOf":{"@id":"https:\/\/www.nonedu2.net\/home\/#website"},"breadcrumb":{"@id":"https:\/\/www.nonedu2.net\/home\/?p=24873#breadcrumblist"},"author":{"@id":"https:\/\/www.nonedu2.net\/home\/?author=93#author"},"creator":{"@id":"https:\/\/www.nonedu2.net\/home\/?author=93#author"},"datePublished":"2025-07-09T09:05:13+07:00","dateModified":"2026-07-09T14:05:14+07:00"},{"@type":"WebSite","@id":"https:\/\/www.nonedu2.net\/home\/#website","url":"https:\/\/www.nonedu2.net\/home\/","name":"\u0e2a\u0e1e\u0e1b.\u0e19\u0e19\u0e17\u0e1a\u0e38\u0e23\u0e35 \u0e40\u0e02\u0e15 2","description":"\u0e2a\u0e1e\u0e1b.\u0e19\u0e19\u0e17\u0e1a\u0e38\u0e23\u0e35 \u0e40\u0e02\u0e15 2","inLanguage":"th","publisher":{"@id":"https:\/\/www.nonedu2.net\/home\/#organization"}}]},"og:locale":"th_TH","og:site_name":"\u0e2a\u0e1e\u0e1b.\u0e19\u0e19\u0e17\u0e1a\u0e38\u0e23\u0e35 \u0e40\u0e02\u0e15 2 - \u0e2a\u0e1e\u0e1b.\u0e19\u0e19\u0e17\u0e1a\u0e38\u0e23\u0e35 \u0e40\u0e02\u0e15 2","og:type":"article","og:title":"La Transformaci\u00f3n Digital y su Impacto en la Vida Personal y Profesional - \u0e2a\u0e1e\u0e1b.\u0e19\u0e19\u0e17\u0e1a\u0e38\u0e23\u0e35 \u0e40\u0e02\u0e15 2","og:description":"En un mundo cada vez m\u00e1s interconectado, la transformac","og:url":"https:\/\/www.nonedu2.net\/home\/?p=24873","article:published_time":"2025-07-09T02:05:13+00:00","article:modified_time":"2026-07-09T07:05:14+00:00","twitter:card":"summary_large_image","twitter:title":"La Transformaci\u00f3n Digital y su Impacto en la Vida Personal y Profesional - \u0e2a\u0e1e\u0e1b.\u0e19\u0e19\u0e17\u0e1a\u0e38\u0e23\u0e35 \u0e40\u0e02\u0e15 2","twitter:description":"En un mundo cada vez m\u00e1s interconectado, la transformac"},"aioseo_meta_data":{"post_id":"24873","title":null,"description":null,"keywords":null,"keyphrases":null,"primary_term":null,"canonical_url":null,"og_title":null,"og_description":null,"og_object_type":"default","og_image_type":"default","og_image_url":null,"og_image_width":null,"og_image_height":null,"og_image_custom_url":null,"og_image_custom_fields":null,"og_video":null,"og_custom_url":null,"og_article_section":null,"og_article_tags":null,"twitter_use_og":false,"twitter_card":"default","twitter_image_type":"default","twitter_image_url":null,"twitter_image_custom_url":null,"twitter_image_custom_fields":null,"twitter_title":null,"twitter_description":null,"schema":{"blockGraphs":[],"customGraphs":[],"default":{"data":{"Article":[],"Course":[],"Dataset":[],"FAQPage":[],"Movie":[],"Person":[],"Product":[],"ProductReview":[],"Car":[],"Recipe":[],"Service":[],"SoftwareApplication":[],"WebPage":[]},"graphName":"","isEnabled":true},"graphs":[]},"schema_type":"default","schema_type_options":null,"pillar_content":false,"robots_default":true,"robots_noindex":false,"robots_noarchive":false,"robots_nosnippet":false,"robots_nofollow":false,"robots_noimageindex":false,"robots_noodp":false,"robots_notranslate":false,"robots_max_snippet":null,"robots_max_videopreview":null,"robots_max_imagepreview":"large","priority":null,"frequency":null,"local_seo":null,"breadcrumb_settings":null,"limit_modified_date":false,"ai":null,"created":"2026-07-09 07:55:35","updated":"2026-07-09 07:55:35","seo_analyzer_scan_date":null,"focus_keyword":null,"additional_keywords":null,"truseo_locale":null},"aioseo_breadcrumb":"<div class=\"aioseo-breadcrumbs\"><span class=\"aioseo-breadcrumb\">\n\t\t\t<a href=\"https:\/\/www.nonedu2.net\/home\" title=\"Home\">Home<\/a>\n\t\t<\/span><span class=\"aioseo-breadcrumb-separator\">&raquo;<\/span><span class=\"aioseo-breadcrumb\">\n\t\t\t<a href=\"https:\/\/www.nonedu2.net\/home\/?cat=1\" title=\"Uncategorized\">Uncategorized<\/a>\n\t\t<\/span><span class=\"aioseo-breadcrumb-separator\">&raquo;<\/span><span class=\"aioseo-breadcrumb\">\n\t\t\tLa Transformaci\u00f3n Digital y su Impacto en la Vida Personal y Profesional\n\t\t<\/span><\/div>","aioseo_breadcrumb_json":[{"label":"Home","link":"https:\/\/www.nonedu2.net\/home"},{"label":"Uncategorized","link":"https:\/\/www.nonedu2.net\/home\/?cat=1"},{"label":"La Transformaci\u00f3n Digital y su Impacto en la Vida Personal y Profesional","link":"https:\/\/www.nonedu2.net\/home\/?p=24873"}],"_links":{"self":[{"href":"https:\/\/www.nonedu2.net\/home\/index.php?rest_route=\/wp\/v2\/posts\/24873","targetHints":{"allow":["GET"]}}],"collection":[{"href":"https:\/\/www.nonedu2.net\/home\/index.php?rest_route=\/wp\/v2\/posts"}],"about":[{"href":"https:\/\/www.nonedu2.net\/home\/index.php?rest_route=\/wp\/v2\/types\/post"}],"author":[{"embeddable":true,"href":"https:\/\/www.nonedu2.net\/home\/index.php?rest_route=\/wp\/v2\/users\/93"}],"replies":[{"embeddable":true,"href":"https:\/\/www.nonedu2.net\/home\/index.php?rest_route=%2Fwp%2Fv2%2Fcomments&post=24873"}],"version-history":[{"count":1,"href":"https:\/\/www.nonedu2.net\/home\/index.php?rest_route=\/wp\/v2\/posts\/24873\/revisions"}],"predecessor-version":[{"id":24874,"href":"https:\/\/www.nonedu2.net\/home\/index.php?rest_route=\/wp\/v2\/posts\/24873\/revisions\/24874"}],"wp:attachment":[{"href":"https:\/\/www.nonedu2.net\/home\/index.php?rest_route=%2Fwp%2Fv2%2Fmedia&parent=24873"}],"wp:term":[{"taxonomy":"category","embeddable":true,"href":"https:\/\/www.nonedu2.net\/home\/index.php?rest_route=%2Fwp%2Fv2%2Fcategories&post=24873"},{"taxonomy":"post_tag","embeddable":true,"href":"https:\/\/www.nonedu2.net\/home\/index.php?rest_route=%2Fwp%2Fv2%2Ftags&post=24873"}],"curies":[{"name":"wp","href":"https:\/\/api.w.org\/{rel}","templated":true}]}}